{"id":891,"date":"2026-08-28T15:05:44","date_gmt":"2026-08-28T18:05:44","guid":{"rendered":"https:\/\/santanadoitarare.pr.gov.br\/portal\/?p=891"},"modified":"2026-08-31T15:18:57","modified_gmt":"2026-08-31T18:18:57","slug":"o-presidente-da-camara-reinaldo-de-oliveira-assume-interinamente-a-prefeitura","status":"publish","type":"post","link":"https:\/\/santanadoitarare.pr.gov.br\/portal\/2026\/08\/o-presidente-da-camara-reinaldo-de-oliveira-assume-interinamente-a-prefeitura\/","title":{"rendered":"O presidente da c\u00e2mara Reinaldo de Oliveira assume interinamente a Prefeitura."},"content":{"rendered":"<p>No dia 27 de agosto, o presidente da c\u00e2mara municipal Reinaldo de Oliveira Amador Oliveira, assume interinamente o cargo de prefeito do munic\u00edpio. \u00a0A posse foi realizada na sede da C\u00e2mara Municipal e ocorreu em cumprimento aos Ac\u00f3rd\u00e3os n\u00ba 69.358 e n\u00ba 69.428 do Tribunal Regional Eleitoral do Paran\u00e1.<\/p>\n<p>Durante o ato, Reinaldo de Oliveira Amador Oliveira prestou o compromisso de cumprir a Constitui\u00e7\u00e3o Federal, a Constitui\u00e7\u00e3o do Estado do Paran\u00e1, a Lei Org\u00e2nica do Munic\u00edpio e a legisla\u00e7\u00e3o aplic\u00e1vel ao exerc\u00edcio do cargo.<\/p>\n<p>O Termo de Posse encontra-se publicado na<a href=\"https:\/\/santanadoitarare.pr.gov.br\/diariooficial\/wp-content\/uploads\/2026\/08\/2518Extraordinariadiario28agosto2026-pdf-D4Sign.pdf\" target=\"_blank\" rel=\"noopener\"> <strong>Edi\u00e7\u00e3o Extraordin\u00e1ria n\u00ba 2518 do Di\u00e1rio Oficial do Munic\u00edpio de Santana do Itarar\u00e9<\/strong>,<\/a> de 28 de agosto de 2026.<\/p>\n<p>&nbsp;<\/p>\n","protected":false},"excerpt":{"rendered":"<p>No dia 27 de agosto, o presidente da c\u00e2mara municipal Reinaldo de Oliveira Amador Oliveira, assume interinamente o cargo de prefeito do munic\u00edpio. \u00a0A posse<\/p>\n","protected":false},"author":1,"featured_media":895,"comment_status":"closed","ping_status":"closed","sticky":false,"template":"","format":"standard","meta":{"_uag_custom_page_level_css":"","footnotes":""},"categories":[1],"tags":[],"class_list":["post-891","post","type-post","status-publish","format-standard","has-post-thumbnail","hentry","category-noticias"],"uagb_featured_image_src":{"full":["https:\/\/santanadoitarare.pr.gov.br\/portal\/wp-content\/uploads\/2026\/08\/capture_260831_151811.png",666,386,false],"thumbnail":["https:\/\/santanadoitarare.pr.gov.br\/portal\/wp-content\/uploads\/2026\/08\/capture_260831_151811-150x150.png",150,150,true],"medium":["https:\/\/santanadoitarare.pr.gov.br\/portal\/wp-content\/uploads\/2026\/08\/capture_260831_151811-300x174.png",300,174,true],"medium_large":["https:\/\/santanadoitarare.pr.gov.br\/portal\/wp-content\/uploads\/2026\/08\/capture_260831_151811.png",640,371,false],"large":["https:\/\/santanadoitarare.pr.gov.br\/portal\/wp-content\/uploads\/2026\/08\/capture_260831_151811.png",640,371,false],"1536x1536":["https:\/\/santanadoitarare.pr.gov.br\/portal\/wp-content\/uploads\/2026\/08\/capture_260831_151811.png",666,386,false],"2048x2048":["https:\/\/santanadoitarare.pr.gov.br\/portal\/wp-content\/uploads\/2026\/08\/capture_260831_151811.png",666,386,false],"ultp_layout_landscape_large":["https:\/\/santanadoitarare.pr.gov.br\/portal\/wp-content\/uploads\/2026\/08\/capture_260831_151811.png",666,386,false],"ultp_layout_landscape":["https:\/\/santanadoitarare.pr.gov.br\/portal\/wp-content\/uploads\/2026\/08\/capture_260831_151811.png",666,386,false],"ultp_layout_portrait":["https:\/\/santanadoitarare.pr.gov.br\/portal\/wp-content\/uploads\/2026\/08\/capture_260831_151811-600x386.png",600,386,true],"ultp_layout_square":["https:\/\/santanadoitarare.pr.gov.br\/portal\/wp-content\/uploads\/2026\/08\/capture_260831_151811-600x386.png",600,386,true],"blockwp-left-img-small":["https:\/\/santanadoitarare.pr.gov.br\/portal\/wp-content\/uploads\/2026\/08\/capture_260831_151811-420x350.png",420,350,true],"blockwp-left-img-large":["https:\/\/santanadoitarare.pr.gov.br\/portal\/wp-content\/uploads\/2026\/08\/capture_260831_151811-570x386.png",570,386,true],"blockwp-full-img-small":["https:\/\/santanadoitarare.pr.gov.br\/portal\/wp-content\/uploads\/2026\/08\/capture_260831_151811.png",666,386,false],"blockwp-full-img-large":["https:\/\/santanadoitarare.pr.gov.br\/portal\/wp-content\/uploads\/2026\/08\/capture_260831_151811.png",666,386,false]},"uagb_author_info":{"display_name":"portal-municipio","author_link":"https:\/\/santanadoitarare.pr.gov.br\/portal\/author\/portal-municipio\/"},"uagb_comment_info":0,"uagb_excerpt":"No dia 27 de agosto, o presidente da c\u00e2mara municipal Reinaldo de Oliveira Amador Oliveira, assume interinamente o cargo de prefeito do munic\u00edpio. \u00a0A posse","_links":{"self":[{"href":"https:\/\/santanadoitarare.pr.gov.br\/portal\/wp-json\/wp\/v2\/posts\/891","targetHints":{"allow":["GET"]}}],"collection":[{"href":"https:\/\/santanadoitarare.pr.gov.br\/portal\/wp-json\/wp\/v2\/posts"}],"about":[{"href":"https:\/\/santanadoitarare.pr.gov.br\/portal\/wp-json\/wp\/v2\/types\/post"}],"author":[{"embeddable":true,"href":"https:\/\/santanadoitarare.pr.gov.br\/portal\/wp-json\/wp\/v2\/users\/1"}],"replies":[{"embeddable":true,"href":"https:\/\/santanadoitarare.pr.gov.br\/portal\/wp-json\/wp\/v2\/comments?post=891"}],"version-history":[{"count":3,"href":"https:\/\/santanadoitarare.pr.gov.br\/portal\/wp-json\/wp\/v2\/posts\/891\/revisions"}],"predecessor-version":[{"id":896,"href":"https:\/\/santanadoitarare.pr.gov.br\/portal\/wp-json\/wp\/v2\/posts\/891\/revisions\/896"}],"wp:featuredmedia":[{"embeddable":true,"href":"https:\/\/santanadoitarare.pr.gov.br\/portal\/wp-json\/wp\/v2\/media\/895"}],"wp:attachment":[{"href":"https:\/\/santanadoitarare.pr.gov.br\/portal\/wp-json\/wp\/v2\/media?parent=891"}],"wp:term":[{"taxonomy":"category","embeddable":true,"href":"https:\/\/santanadoitarare.pr.gov.br\/portal\/wp-json\/wp\/v2\/categories?post=891"},{"taxonomy":"post_tag","embeddable":true,"href":"https:\/\/santanadoitarare.pr.gov.br\/portal\/wp-json\/wp\/v2\/tags?post=891"}],"curies":[{"name":"wp","href":"https:\/\/api.w.org\/{rel}","templated":true}]}}